{"id":10545,"date":"2025-03-20T18:12:56","date_gmt":"2025-03-20T17:12:56","guid":{"rendered":"https:\/\/valenciaswood.com\/?p=10545"},"modified":"2025-05-21T17:21:24","modified_gmt":"2025-05-21T15:21:24","slug":"como-integrar-mesas-de-madera-con-cantos-naturales-en-tu-hogar","status":"publish","type":"post","link":"https:\/\/valenciaswood.com\/index.php\/2025\/03\/20\/como-integrar-mesas-de-madera-con-cantos-naturales-en-tu-hogar\/","title":{"rendered":"C\u00f3mo integrar mesas de madera con cantos naturales en tu hogar"},"content":{"rendered":"\n<p>Las <strong>mesas de madera con cantos naturales<\/strong> son una tendencia en auge en el dise\u00f1o de interiores. Su aspecto org\u00e1nico, imperfecto y elegante aporta un toque de naturaleza a cualquier espacio.<\/p>\n\n\n\n<p>Si deseas incorporar este tipo de mesas a tu hogar, aqu\u00ed tienes <strong>10 ideas para sacarles el m\u00e1ximo partido.<\/strong><\/p>\n\n\n\n<p>Adem\u00e1s de ser elementos decorativos \u00fanicos, las mesas con cantos naturales son extremadamente vers\u00e1tiles. Pueden adaptarse a diferentes estilos decorativos, desde r\u00fastico y bohemio hasta moderno e industrial. Su presencia transmite calidez y autenticidad, convirti\u00e9ndose en una pieza protagonista.<\/p>\n\n\n\n<h2 class=\"wp-block-heading\">Mesas de comedor como protagonistas del espacio<\/h2>\n\n\n\n<p><strong>1. Ideas para el sal\u00f3n<\/strong><\/p>\n\n\n\n<p>Una <strong><a href=\"https:\/\/valenciaswood.com\/index.php\/works\/\">mesa de comedor con canto natural<\/a><\/strong> puede convertirse en la pieza central de tu sal\u00f3n. Opta por un acabado en madera maciza que resalte las vetas y texturas originales. Para un estilo r\u00fastico, comb\u00ednala con sillas de madera robusta. Para un toque moderno, elige sillas de l\u00edneas minimalistas y colores neutros.<\/p>\n\n\n\n<p>Si tu sal\u00f3n es amplio, una mesa de gran tama\u00f1o ser\u00e1 ideal para reuniones familiares o cenas con amigos. Por otro lado, si el espacio es m\u00e1s reducido, opta por una mesa extensible que combine funcionalidad y est\u00e9tica.<\/p>\n\n\n\n<p><strong>2. Combinar con sillas modernas o vintage<\/strong><\/p>\n\n\n\n<p>El contraste entre una <strong>mesa con canto natural<\/strong> y sillas de dise\u00f1o contempor\u00e1neo crea un equilibrio perfecto entre lo cl\u00e1sico y lo actual. Las sillas tapizadas en tonos beige, gris o negro aportar\u00e1n sofisticaci\u00f3n, mientras que las sillas de mimbre o rat\u00e1n reforzar\u00e1n un ambiente m\u00e1s relajado.<\/p>\n\n\n\n<p>Para un toque m\u00e1s atrevido, puedes optar por sillas de diferentes estilos o colores. Esta mezcla aportar\u00e1 personalidad y dinamismo al espacio.<\/p>\n\n\n\n<p><strong>3. Acentuar con iluminaci\u00f3n adecuada<\/strong><\/p>\n\n\n\n<p>Colocar una <strong>l\u00e1mpara colgante<\/strong> sobre la mesa, preferiblemente de metal o vidrio, destacar\u00e1 su belleza natural. Para espacios m\u00e1s grandes, puedes optar por una instalaci\u00f3n de m\u00faltiples l\u00e1mparas para una mayor iluminaci\u00f3n y estilo.<\/p>\n\n\n\n<p>Las luces c\u00e1lidas potenciar\u00e1n la sensaci\u00f3n acogedora de la madera, mientras que las l\u00e1mparas de dise\u00f1o moderno crear\u00e1n un contraste elegante.<\/p>\n\n\n\n<p><strong>4. Uso como mesa de centro<\/strong><\/p>\n\n\n\n<p>Una peque\u00f1a <strong>mesa de madera con canto natural<\/strong> es ideal como mesa de centro en la sala de estar. A\u00f1ade libros de dise\u00f1o, velas arom\u00e1ticas o una planta en maceta para un look acogedor y elegante.<\/p>\n\n\n\n<p>Este tipo de mesas tambi\u00e9n funciona muy bien en espacios exteriores como terrazas o jardines, aportando un toque natural y armonioso.<\/p>\n\n\n\n<p><strong>5. Combinaci\u00f3n con otros materiales<\/strong><\/p>\n\n\n\n<p>No tengas miedo de mezclar materiales. La madera combina a la perfecci\u00f3n con elementos como el acero, vidrio o piedra. Una mesa con patas met\u00e1licas aportar\u00e1 un toque industrial, mientras que una con base de madera maciza mantendr\u00e1 el estilo natural y c\u00e1lido.<\/p>\n\n\n\n<p>Los accesorios de cobre, lat\u00f3n o cer\u00e1mica tambi\u00e9n complementan a la perfecci\u00f3n el car\u00e1cter aut\u00e9ntico de la madera.<\/p>\n\n\n\n<h2 class=\"wp-block-heading\">Mesas de madera con cantos naturales en oficinas y despachos<\/h2>\n\n\n\n<p><strong>1. Aportan calidez y profesionalismo<\/strong><\/p>\n\n\n\n<p>Las <strong>mesas de escritorio con canto natural<\/strong> son perfectas para oficinas o despachos. Su dise\u00f1o robusto y elegante genera una atm\u00f3sfera de profesionalismo sin perder el toque acogedor que aporta la madera natural.<\/p>\n\n\n\n<p>Al ser piezas \u00fanicas y personalizadas, proyectan una imagen de exclusividad que refuerza la identidad de la empresa.<\/p>\n\n\n\n<p><strong>2. Espacios de coworking con estilo<\/strong><\/p>\n\n\n\n<p>Si gestionas un espacio de coworking o tienes una oficina en casa, considera una <strong><a href=\"https:\/\/valenciaswood.com\/\">mesa de madera maciza<\/a><\/strong> como escritorio compartido. Agrega sillas ergon\u00f3micas y organiza el espacio con accesorios de oficina de estilo minimalista.<\/p>\n\n\n\n<p>Las mesas de madera con cantos naturales tambi\u00e9n son ideales para salas de reuniones, aportando un ambiente de colaboraci\u00f3n y creatividad.<\/p>\n\n\n\n<p><strong>3. Zona de reuniones<\/strong><\/p>\n\n\n\n<p>En salas de reuniones, una <strong>mesa con canto vivo<\/strong> inspira creatividad y colaboraci\u00f3n. Para reforzar la est\u00e9tica, a\u00f1ade plantas, alfombras neutras y cuadros con arte abstracto.<\/p>\n\n\n\n<p>La madera natural fomenta una atm\u00f3sfera c\u00e1lida y relajada, favoreciendo las conversaciones productivas y el intercambio de ideas.<\/p>\n\n\n\n<h2 class=\"wp-block-heading\">Complementos decorativos ideales<\/h2>\n\n\n\n<p><strong>1. Centros de mesa minimalistas<\/strong><\/p>\n\n\n\n<p>Las <strong>mesas de madera con cantos naturales<\/strong> destacan por s\u00ed solas, por lo que los centros de mesa deben ser discretos. Opta por elementos como jarrones de cer\u00e1mica, peque\u00f1as velas o esculturas en tonos neutros.<\/p>\n\n\n\n<p>Para ocasiones especiales, un camino de mesa de lino o algod\u00f3n aportar\u00e1 un toque elegante sin restar protagonismo a la mesa.<\/p>\n\n\n\n<p><strong>2. Jarrones de cristal y l\u00e1mparas colgantes<\/strong><\/p>\n\n\n\n<p>Un jarr\u00f3n de cristal con flores frescas o ramas secas complementa la est\u00e9tica natural de la mesa. Adem\u00e1s, una l\u00e1mpara colgante en tonos dorados o negros dar\u00e1 un toque sofisticado al espacio.<\/p>\n\n\n\n<p>Los textiles, como cojines o mantas, tambi\u00e9n pueden a\u00f1adir textura y calidez al entorno.<\/p>\n\n\n\n<h3 class=\"wp-block-heading\">Personaliza tu mesa con Valencia&#8217;s Wood Luxury<\/h3>\n\n\n\n<p>En <strong>Valencia&#8217;s Wood Luxury<\/strong> ofrecemos una amplia gama de <strong>mesas de madera con cantos naturales<\/strong> dise\u00f1adas a medida para adaptarse a tu espacio y estilo. Desde mesas de comedor hasta escritorios de oficina, cada pieza es \u00fanica y refleja la belleza natural de la madera.<\/p>\n\n\n\n<p>Nuestro equipo de expertos te asesorar\u00e1 en cada paso del proceso de creaci\u00f3n, asegur\u00e1ndose de que tu mesa sea una verdadera obra de arte funcional.<\/p>\n\n\n\n<p>\u00bfListo para encontrar la mesa perfecta para tu hogar o negocio? <strong>Explora nuestras opciones personalizables de mesas de madera<\/strong> en <a href=\"https:\/\/www.valenciaswood.com\">www.valenciaswood.com<\/a> y transforma tu espacio con la elegancia de la naturaleza.<\/p>\n\n\n\n<p class=\"has-text-align-center\"><strong>\u00a1Contacta con nosotros para m\u00e1s informaci\u00f3n y haz de tu mesa de madera un verdadero protagonista!<\/strong><\/p>\n\n\n\n<p><\/p>\n","protected":false},"excerpt":{"rendered":"<p>Las mesas de madera con cantos naturales son una tendencia en auge en el dise\u00f1o de interiores. Su aspecto org\u00e1nico, imperfecto y elegante aporta un toque de naturaleza a cualquier<span class=\"excerpt-hellip\"> [\u2026]<\/span><\/p>\n","protected":false},"author":2,"featured_media":10546,"comment_status":"closed","ping_status":"closed","sticky":false,"template":"","format":"standard","meta":{"_jetpack_memberships_contains_paid_content":false,"footnotes":""},"categories":[106],"tags":[],"class_list":["post-10545","post","type-post","status-publish","format-standard","has-post-thumbnail","hentry","category-mesas-y-tablones"],"yoast_head":"<!-- This site is optimized with the Yoast SEO plugin v27.5 - https:\/\/yoast.com\/product\/yoast-seo-wordpress\/ -->\n<title>C\u00f3mo integrar mesas de madera con cantos naturales en tu hogar<\/title>\n<meta name=\"description\" content=\"Las mesas de madera con cantos naturales son tendencia en auge en el dise\u00f1o de interiores. Aspecto org\u00e1nico, imperfecto y elegante aporta un toque de naturaleza\" \/>\n<meta name=\"robots\" content=\"index, follow, max-snippet:-1, max-image-preview:large, max-video-preview:-1\" \/>\n<link rel=\"canonical\" href=\"https:\/\/valenciaswood.com\/index.php\/2025\/03\/20\/como-integrar-mesas-de-madera-con-cantos-naturales-en-tu-hogar\/\" \/>\n<meta property=\"og:locale\" content=\"es_ES\" \/>\n<meta property=\"og:type\" content=\"article\" \/>\n<meta property=\"og:title\" content=\"C\u00f3mo integrar mesas de madera con cantos naturales en tu hogar\" \/>\n<meta property=\"og:description\" content=\"Las mesas de madera con cantos naturales son tendencia en auge en el dise\u00f1o de interiores. Aspecto org\u00e1nico, imperfecto y elegante aporta un toque de naturaleza\" \/>\n<meta property=\"og:url\" content=\"https:\/\/valenciaswood.com\/index.php\/2025\/03\/20\/como-integrar-mesas-de-madera-con-cantos-naturales-en-tu-hogar\/\" \/>\n<meta property=\"og:site_name\" content=\"Valencia&#039;s Wood Luxury\" \/>\n<meta property=\"article:published_time\" content=\"2025-03-20T17:12:56+00:00\" \/>\n<meta property=\"article:modified_time\" content=\"2025-05-21T15:21:24+00:00\" \/>\n<meta property=\"og:image\" content=\"https:\/\/valenciaswood.com\/wp-content\/uploads\/2025\/03\/mesas-madera-cantos-naturaes.jpg\" \/>\n\t<meta property=\"og:image:width\" content=\"866\" \/>\n\t<meta property=\"og:image:height\" content=\"600\" \/>\n\t<meta property=\"og:image:type\" content=\"image\/jpeg\" \/>\n<meta name=\"author\" content=\"JOSE VILLENA\" \/>\n<meta name=\"twitter:card\" content=\"summary_large_image\" \/>\n<meta name=\"twitter:creator\" content=\"@valenciaswood\" \/>\n<script type=\"application\/ld+json\" class=\"yoast-schema-graph\">{\"@context\":\"https:\\\/\\\/schema.org\",\"@graph\":[{\"@type\":\"Article\",\"@id\":\"https:\\\/\\\/valenciaswood.com\\\/index.php\\\/2025\\\/03\\\/20\\\/como-integrar-mesas-de-madera-con-cantos-naturales-en-tu-hogar\\\/#article\",\"isPartOf\":{\"@id\":\"https:\\\/\\\/valenciaswood.com\\\/index.php\\\/2025\\\/03\\\/20\\\/como-integrar-mesas-de-madera-con-cantos-naturales-en-tu-hogar\\\/\"},\"author\":{\"name\":\"JOSE VILLENA\",\"@id\":\"https:\\\/\\\/valenciaswood.com\\\/#\\\/schema\\\/person\\\/06eaacdc5e72a1da0065bd52183c3029\"},\"headline\":\"C\u00f3mo integrar mesas de madera con cantos naturales en tu hogar\",\"datePublished\":\"2025-03-20T17:12:56+00:00\",\"dateModified\":\"2025-05-21T15:21:24+00:00\",\"mainEntityOfPage\":{\"@id\":\"https:\\\/\\\/valenciaswood.com\\\/index.php\\\/2025\\\/03\\\/20\\\/como-integrar-mesas-de-madera-con-cantos-naturales-en-tu-hogar\\\/\"},\"wordCount\":956,\"publisher\":{\"@id\":\"https:\\\/\\\/valenciaswood.com\\\/#organization\"},\"image\":{\"@id\":\"https:\\\/\\\/valenciaswood.com\\\/index.php\\\/2025\\\/03\\\/20\\\/como-integrar-mesas-de-madera-con-cantos-naturales-en-tu-hogar\\\/#primaryimage\"},\"thumbnailUrl\":\"https:\\\/\\\/i0.wp.com\\\/valenciaswood.com\\\/wp-content\\\/uploads\\\/2025\\\/03\\\/mesas-madera-cantos-naturaes.jpg?fit=866%2C600&ssl=1\",\"articleSection\":[\"Mesas y Tablones\"],\"inLanguage\":\"es\"},{\"@type\":\"WebPage\",\"@id\":\"https:\\\/\\\/valenciaswood.com\\\/index.php\\\/2025\\\/03\\\/20\\\/como-integrar-mesas-de-madera-con-cantos-naturales-en-tu-hogar\\\/\",\"url\":\"https:\\\/\\\/valenciaswood.com\\\/index.php\\\/2025\\\/03\\\/20\\\/como-integrar-mesas-de-madera-con-cantos-naturales-en-tu-hogar\\\/\",\"name\":\"C\u00f3mo integrar mesas de madera con cantos naturales en tu hogar\",\"isPartOf\":{\"@id\":\"https:\\\/\\\/valenciaswood.com\\\/#website\"},\"primaryImageOfPage\":{\"@id\":\"https:\\\/\\\/valenciaswood.com\\\/index.php\\\/2025\\\/03\\\/20\\\/como-integrar-mesas-de-madera-con-cantos-naturales-en-tu-hogar\\\/#primaryimage\"},\"image\":{\"@id\":\"https:\\\/\\\/valenciaswood.com\\\/index.php\\\/2025\\\/03\\\/20\\\/como-integrar-mesas-de-madera-con-cantos-naturales-en-tu-hogar\\\/#primaryimage\"},\"thumbnailUrl\":\"https:\\\/\\\/i0.wp.com\\\/valenciaswood.com\\\/wp-content\\\/uploads\\\/2025\\\/03\\\/mesas-madera-cantos-naturaes.jpg?fit=866%2C600&ssl=1\",\"datePublished\":\"2025-03-20T17:12:56+00:00\",\"dateModified\":\"2025-05-21T15:21:24+00:00\",\"description\":\"Las mesas de madera con cantos naturales son tendencia en auge en el dise\u00f1o de interiores. Aspecto org\u00e1nico, imperfecto y elegante aporta un toque de naturaleza\",\"breadcrumb\":{\"@id\":\"https:\\\/\\\/valenciaswood.com\\\/index.php\\\/2025\\\/03\\\/20\\\/como-integrar-mesas-de-madera-con-cantos-naturales-en-tu-hogar\\\/#breadcrumb\"},\"inLanguage\":\"es\",\"potentialAction\":[{\"@type\":\"ReadAction\",\"target\":[\"https:\\\/\\\/valenciaswood.com\\\/index.php\\\/2025\\\/03\\\/20\\\/como-integrar-mesas-de-madera-con-cantos-naturales-en-tu-hogar\\\/\"]}]},{\"@type\":\"ImageObject\",\"inLanguage\":\"es\",\"@id\":\"https:\\\/\\\/valenciaswood.com\\\/index.php\\\/2025\\\/03\\\/20\\\/como-integrar-mesas-de-madera-con-cantos-naturales-en-tu-hogar\\\/#primaryimage\",\"url\":\"https:\\\/\\\/i0.wp.com\\\/valenciaswood.com\\\/wp-content\\\/uploads\\\/2025\\\/03\\\/mesas-madera-cantos-naturaes.jpg?fit=866%2C600&ssl=1\",\"contentUrl\":\"https:\\\/\\\/i0.wp.com\\\/valenciaswood.com\\\/wp-content\\\/uploads\\\/2025\\\/03\\\/mesas-madera-cantos-naturaes.jpg?fit=866%2C600&ssl=1\",\"width\":866,\"height\":600,\"caption\":\"mesas madera cantos naturaes\"},{\"@type\":\"BreadcrumbList\",\"@id\":\"https:\\\/\\\/valenciaswood.com\\\/index.php\\\/2025\\\/03\\\/20\\\/como-integrar-mesas-de-madera-con-cantos-naturales-en-tu-hogar\\\/#breadcrumb\",\"itemListElement\":[{\"@type\":\"ListItem\",\"position\":1,\"name\":\"Portada\",\"item\":\"https:\\\/\\\/valenciaswood.com\\\/\"},{\"@type\":\"ListItem\",\"position\":2,\"name\":\"C\u00f3mo integrar mesas de madera con cantos naturales en tu hogar\"}]},{\"@type\":\"WebSite\",\"@id\":\"https:\\\/\\\/valenciaswood.com\\\/#website\",\"url\":\"https:\\\/\\\/valenciaswood.com\\\/\",\"name\":\"Valencia's Wood Luxury\",\"description\":\"\",\"publisher\":{\"@id\":\"https:\\\/\\\/valenciaswood.com\\\/#organization\"},\"potentialAction\":[{\"@type\":\"SearchAction\",\"target\":{\"@type\":\"EntryPoint\",\"urlTemplate\":\"https:\\\/\\\/valenciaswood.com\\\/?s={search_term_string}\"},\"query-input\":{\"@type\":\"PropertyValueSpecification\",\"valueRequired\":true,\"valueName\":\"search_term_string\"}}],\"inLanguage\":\"es\"},{\"@type\":\"Organization\",\"@id\":\"https:\\\/\\\/valenciaswood.com\\\/#organization\",\"name\":\"Valencia's Wood\",\"url\":\"https:\\\/\\\/valenciaswood.com\\\/\",\"logo\":{\"@type\":\"ImageObject\",\"inLanguage\":\"es\",\"@id\":\"https:\\\/\\\/valenciaswood.com\\\/#\\\/schema\\\/logo\\\/image\\\/\",\"url\":\"https:\\\/\\\/i0.wp.com\\\/valenciaswood.com\\\/wp-content\\\/uploads\\\/2020\\\/01\\\/logo.png?fit=200%2C75&ssl=1\",\"contentUrl\":\"https:\\\/\\\/i0.wp.com\\\/valenciaswood.com\\\/wp-content\\\/uploads\\\/2020\\\/01\\\/logo.png?fit=200%2C75&ssl=1\",\"width\":200,\"height\":75,\"caption\":\"Valencia's Wood\"},\"image\":{\"@id\":\"https:\\\/\\\/valenciaswood.com\\\/#\\\/schema\\\/logo\\\/image\\\/\"}},{\"@type\":\"Person\",\"@id\":\"https:\\\/\\\/valenciaswood.com\\\/#\\\/schema\\\/person\\\/06eaacdc5e72a1da0065bd52183c3029\",\"name\":\"JOSE VILLENA\",\"image\":{\"@type\":\"ImageObject\",\"inLanguage\":\"es\",\"@id\":\"https:\\\/\\\/secure.gravatar.com\\\/avatar\\\/ed685f8323ccc61a8b831313359ebb49fd468bb176c5ea203f08277782ae9d97?s=96&d=mm&r=g\",\"url\":\"https:\\\/\\\/secure.gravatar.com\\\/avatar\\\/ed685f8323ccc61a8b831313359ebb49fd468bb176c5ea203f08277782ae9d97?s=96&d=mm&r=g\",\"contentUrl\":\"https:\\\/\\\/secure.gravatar.com\\\/avatar\\\/ed685f8323ccc61a8b831313359ebb49fd468bb176c5ea203f08277782ae9d97?s=96&d=mm&r=g\",\"caption\":\"JOSE VILLENA\"},\"sameAs\":[\"https:\\\/\\\/x.com\\\/valenciaswood\"]}]}<\/script>\n<!-- \/ Yoast SEO plugin. -->","yoast_head_json":{"title":"C\u00f3mo integrar mesas de madera con cantos naturales en tu hogar","description":"Las mesas de madera con cantos naturales son tendencia en auge en el dise\u00f1o de interiores. Aspecto org\u00e1nico, imperfecto y elegante aporta un toque de naturaleza","robots":{"index":"index","follow":"follow","max-snippet":"max-snippet:-1","max-image-preview":"max-image-preview:large","max-video-preview":"max-video-preview:-1"},"canonical":"https:\/\/valenciaswood.com\/index.php\/2025\/03\/20\/como-integrar-mesas-de-madera-con-cantos-naturales-en-tu-hogar\/","og_locale":"es_ES","og_type":"article","og_title":"C\u00f3mo integrar mesas de madera con cantos naturales en tu hogar","og_description":"Las mesas de madera con cantos naturales son tendencia en auge en el dise\u00f1o de interiores. Aspecto org\u00e1nico, imperfecto y elegante aporta un toque de naturaleza","og_url":"https:\/\/valenciaswood.com\/index.php\/2025\/03\/20\/como-integrar-mesas-de-madera-con-cantos-naturales-en-tu-hogar\/","og_site_name":"Valencia&#039;s Wood Luxury","article_published_time":"2025-03-20T17:12:56+00:00","article_modified_time":"2025-05-21T15:21:24+00:00","og_image":[{"width":866,"height":600,"url":"https:\/\/valenciaswood.com\/wp-content\/uploads\/2025\/03\/mesas-madera-cantos-naturaes.jpg","type":"image\/jpeg"}],"author":"JOSE VILLENA","twitter_card":"summary_large_image","twitter_creator":"@valenciaswood","schema":{"@context":"https:\/\/schema.org","@graph":[{"@type":"Article","@id":"https:\/\/valenciaswood.com\/index.php\/2025\/03\/20\/como-integrar-mesas-de-madera-con-cantos-naturales-en-tu-hogar\/#article","isPartOf":{"@id":"https:\/\/valenciaswood.com\/index.php\/2025\/03\/20\/como-integrar-mesas-de-madera-con-cantos-naturales-en-tu-hogar\/"},"author":{"name":"JOSE VILLENA","@id":"https:\/\/valenciaswood.com\/#\/schema\/person\/06eaacdc5e72a1da0065bd52183c3029"},"headline":"C\u00f3mo integrar mesas de madera con cantos naturales en tu hogar","datePublished":"2025-03-20T17:12:56+00:00","dateModified":"2025-05-21T15:21:24+00:00","mainEntityOfPage":{"@id":"https:\/\/valenciaswood.com\/index.php\/2025\/03\/20\/como-integrar-mesas-de-madera-con-cantos-naturales-en-tu-hogar\/"},"wordCount":956,"publisher":{"@id":"https:\/\/valenciaswood.com\/#organization"},"image":{"@id":"https:\/\/valenciaswood.com\/index.php\/2025\/03\/20\/como-integrar-mesas-de-madera-con-cantos-naturales-en-tu-hogar\/#primaryimage"},"thumbnailUrl":"https:\/\/i0.wp.com\/valenciaswood.com\/wp-content\/uploads\/2025\/03\/mesas-madera-cantos-naturaes.jpg?fit=866%2C600&ssl=1","articleSection":["Mesas y Tablones"],"inLanguage":"es"},{"@type":"WebPage","@id":"https:\/\/valenciaswood.com\/index.php\/2025\/03\/20\/como-integrar-mesas-de-madera-con-cantos-naturales-en-tu-hogar\/","url":"https:\/\/valenciaswood.com\/index.php\/2025\/03\/20\/como-integrar-mesas-de-madera-con-cantos-naturales-en-tu-hogar\/","name":"C\u00f3mo integrar mesas de madera con cantos naturales en tu hogar","isPartOf":{"@id":"https:\/\/valenciaswood.com\/#website"},"primaryImageOfPage":{"@id":"https:\/\/valenciaswood.com\/index.php\/2025\/03\/20\/como-integrar-mesas-de-madera-con-cantos-naturales-en-tu-hogar\/#primaryimage"},"image":{"@id":"https:\/\/valenciaswood.com\/index.php\/2025\/03\/20\/como-integrar-mesas-de-madera-con-cantos-naturales-en-tu-hogar\/#primaryimage"},"thumbnailUrl":"https:\/\/i0.wp.com\/valenciaswood.com\/wp-content\/uploads\/2025\/03\/mesas-madera-cantos-naturaes.jpg?fit=866%2C600&ssl=1","datePublished":"2025-03-20T17:12:56+00:00","dateModified":"2025-05-21T15:21:24+00:00","description":"Las mesas de madera con cantos naturales son tendencia en auge en el dise\u00f1o de interiores. Aspecto org\u00e1nico, imperfecto y elegante aporta un toque de naturaleza","breadcrumb":{"@id":"https:\/\/valenciaswood.com\/index.php\/2025\/03\/20\/como-integrar-mesas-de-madera-con-cantos-naturales-en-tu-hogar\/#breadcrumb"},"inLanguage":"es","potentialAction":[{"@type":"ReadAction","target":["https:\/\/valenciaswood.com\/index.php\/2025\/03\/20\/como-integrar-mesas-de-madera-con-cantos-naturales-en-tu-hogar\/"]}]},{"@type":"ImageObject","inLanguage":"es","@id":"https:\/\/valenciaswood.com\/index.php\/2025\/03\/20\/como-integrar-mesas-de-madera-con-cantos-naturales-en-tu-hogar\/#primaryimage","url":"https:\/\/i0.wp.com\/valenciaswood.com\/wp-content\/uploads\/2025\/03\/mesas-madera-cantos-naturaes.jpg?fit=866%2C600&ssl=1","contentUrl":"https:\/\/i0.wp.com\/valenciaswood.com\/wp-content\/uploads\/2025\/03\/mesas-madera-cantos-naturaes.jpg?fit=866%2C600&ssl=1","width":866,"height":600,"caption":"mesas madera cantos naturaes"},{"@type":"BreadcrumbList","@id":"https:\/\/valenciaswood.com\/index.php\/2025\/03\/20\/como-integrar-mesas-de-madera-con-cantos-naturales-en-tu-hogar\/#breadcrumb","itemListElement":[{"@type":"ListItem","position":1,"name":"Portada","item":"https:\/\/valenciaswood.com\/"},{"@type":"ListItem","position":2,"name":"C\u00f3mo integrar mesas de madera con cantos naturales en tu hogar"}]},{"@type":"WebSite","@id":"https:\/\/valenciaswood.com\/#website","url":"https:\/\/valenciaswood.com\/","name":"Valencia's Wood Luxury","description":"","publisher":{"@id":"https:\/\/valenciaswood.com\/#organization"},"potentialAction":[{"@type":"SearchAction","target":{"@type":"EntryPoint","urlTemplate":"https:\/\/valenciaswood.com\/?s={search_term_string}"},"query-input":{"@type":"PropertyValueSpecification","valueRequired":true,"valueName":"search_term_string"}}],"inLanguage":"es"},{"@type":"Organization","@id":"https:\/\/valenciaswood.com\/#organization","name":"Valencia's Wood","url":"https:\/\/valenciaswood.com\/","logo":{"@type":"ImageObject","inLanguage":"es","@id":"https:\/\/valenciaswood.com\/#\/schema\/logo\/image\/","url":"https:\/\/i0.wp.com\/valenciaswood.com\/wp-content\/uploads\/2020\/01\/logo.png?fit=200%2C75&ssl=1","contentUrl":"https:\/\/i0.wp.com\/valenciaswood.com\/wp-content\/uploads\/2020\/01\/logo.png?fit=200%2C75&ssl=1","width":200,"height":75,"caption":"Valencia's Wood"},"image":{"@id":"https:\/\/valenciaswood.com\/#\/schema\/logo\/image\/"}},{"@type":"Person","@id":"https:\/\/valenciaswood.com\/#\/schema\/person\/06eaacdc5e72a1da0065bd52183c3029","name":"JOSE VILLENA","image":{"@type":"ImageObject","inLanguage":"es","@id":"https:\/\/secure.gravatar.com\/avatar\/ed685f8323ccc61a8b831313359ebb49fd468bb176c5ea203f08277782ae9d97?s=96&d=mm&r=g","url":"https:\/\/secure.gravatar.com\/avatar\/ed685f8323ccc61a8b831313359ebb49fd468bb176c5ea203f08277782ae9d97?s=96&d=mm&r=g","contentUrl":"https:\/\/secure.gravatar.com\/avatar\/ed685f8323ccc61a8b831313359ebb49fd468bb176c5ea203f08277782ae9d97?s=96&d=mm&r=g","caption":"JOSE VILLENA"},"sameAs":["https:\/\/x.com\/valenciaswood"]}]}},"jetpack_featured_media_url":"https:\/\/i0.wp.com\/valenciaswood.com\/wp-content\/uploads\/2025\/03\/mesas-madera-cantos-naturaes.jpg?fit=866%2C600&ssl=1","jetpack_sharing_enabled":true,"_links":{"self":[{"href":"https:\/\/valenciaswood.com\/index.php\/wp-json\/wp\/v2\/posts\/10545","targetHints":{"allow":["GET"]}}],"collection":[{"href":"https:\/\/valenciaswood.com\/index.php\/wp-json\/wp\/v2\/posts"}],"about":[{"href":"https:\/\/valenciaswood.com\/index.php\/wp-json\/wp\/v2\/types\/post"}],"author":[{"embeddable":true,"href":"https:\/\/valenciaswood.com\/index.php\/wp-json\/wp\/v2\/users\/2"}],"replies":[{"embeddable":true,"href":"https:\/\/valenciaswood.com\/index.php\/wp-json\/wp\/v2\/comments?post=10545"}],"version-history":[{"count":4,"href":"https:\/\/valenciaswood.com\/index.php\/wp-json\/wp\/v2\/posts\/10545\/revisions"}],"predecessor-version":[{"id":11552,"href":"https:\/\/valenciaswood.com\/index.php\/wp-json\/wp\/v2\/posts\/10545\/revisions\/11552"}],"wp:featuredmedia":[{"embeddable":true,"href":"https:\/\/valenciaswood.com\/index.php\/wp-json\/wp\/v2\/media\/10546"}],"wp:attachment":[{"href":"https:\/\/valenciaswood.com\/index.php\/wp-json\/wp\/v2\/media?parent=10545"}],"wp:term":[{"taxonomy":"category","embeddable":true,"href":"https:\/\/valenciaswood.com\/index.php\/wp-json\/wp\/v2\/categories?post=10545"},{"taxonomy":"post_tag","embeddable":true,"href":"https:\/\/valenciaswood.com\/index.php\/wp-json\/wp\/v2\/tags?post=10545"}],"curies":[{"name":"wp","href":"https:\/\/api.w.org\/{rel}","templated":true}]}}