{"id":10393,"date":"2025-02-10T08:00:00","date_gmt":"2025-02-10T07:00:00","guid":{"rendered":"https:\/\/valenciaswood.com\/?p=10393"},"modified":"2025-05-21T17:34:12","modified_gmt":"2025-05-21T15:34:12","slug":"tablas-de-madera-natural","status":"publish","type":"post","link":"https:\/\/valenciaswood.com\/index.php\/2025\/02\/10\/tablas-de-madera-natural\/","title":{"rendered":"Tablas de madera natural"},"content":{"rendered":"\n<p>Las <strong>tablas de madera maciza natural<\/strong> se han convertido en un elemento imprescindible en la decoraci\u00f3n de interiores y exteriores. Su belleza, resistencia y versatilidad las hacen ideales para cualquier espacio que busque un toque r\u00fastico y elegante.<\/p>\n\n\n\n<p>En <strong>Valencia&#8217;s Wood Luxury<\/strong>, ofrecemos una amplia variedad de tablas de madera natural para quienes desean incorporar materiales nobles y sostenibles en sus dise\u00f1os.<\/p>\n\n\n\n<h2 class=\"wp-block-heading\">Diferencias entre madera natural y tratada<\/h2>\n\n\n\n<p>Antes de elegir una tabla de madera, es importante conocer la diferencia entre <strong>madera natural<\/strong> y <strong>madera tratada<\/strong>. Cada una tiene sus propias ventajas y aplicaciones espec\u00edficas:<\/p>\n\n\n\n<ul class=\"wp-block-list\">\n<li><strong>Madera Natural:<\/strong>\n<ul class=\"wp-block-list\">\n<li>Extra\u00edda directamente de los \u00e1rboles sin procesos qu\u00edmicos.<\/li>\n\n\n\n<li>Presenta vetas \u00fanicas que aportan autenticidad y exclusividad.<\/li>\n\n\n\n<li>Es altamente resistente cuando se mantiene adecuadamente.<\/li>\n\n\n\n<li>Sostenible y ecol\u00f3gica, ideal para proyectos que buscan un impacto ambiental reducido.<\/li>\n<\/ul>\n<\/li>\n\n\n\n<li><strong>Madera Tratada:<\/strong>\n<ul class=\"wp-block-list\">\n<li>Ha pasado por procesos qu\u00edmicos o t\u00e9rmicos para mejorar su durabilidad.<\/li>\n\n\n\n<li>Menos susceptible a plagas e insectos.<\/li>\n\n\n\n<li>Se utiliza principalmente en construcci\u00f3n y estructuras expuestas a la intemperie.<\/li>\n\n\n\n<li>Puede perder parte de su apariencia natural debido a los tratamientos.<\/li>\n<\/ul>\n<\/li>\n<\/ul>\n\n\n\n<p>Para quienes buscan un acabado aut\u00e9ntico y una textura inigualable, las <a href=\"https:\/\/valenciaswood.com\/index.php\/especies-madera-mesa\/\"><strong>mesas de tabla en madera natural<\/strong><\/a> es la opci\u00f3n perfecta.<\/p>\n\n\n\n<h2 class=\"wp-block-heading\">Maderas Naturales M\u00e1s Recomendadas para Decoraci\u00f3n<\/h2>\n\n\n\n<p>En el mundo del dise\u00f1o de interiores, algunas especies de madera destacan por su resistencia, belleza y facilidad de manipulaci\u00f3n. A continuaci\u00f3n, te presentamos algunas de las opciones m\u00e1s populares:<\/p>\n\n\n\n<ul class=\"wp-block-list\">\n<li><strong><a href=\"https:\/\/valenciaswood.com\/index.php\/categoria-producto\/solo-tablon\/roble-rojo\/\">Roble<\/a>:<\/strong> Famoso por su resistencia y tonalidad c\u00e1lida, es ideal para <em><a href=\"https:\/\/valenciaswood.com\/\">mesas de madera maciza<\/a><\/em>, encimeras y revestimientos.<\/li>\n\n\n\n<li><strong><a href=\"https:\/\/valenciaswood.com\/index.php\/categoria-producto\/solo-tablon\/nogal-espanol\/\">Nogal<\/a>:<\/strong> Su color oscuro y veteado elegante lo hacen perfecto para muebles de lujo y espacios sofisticados.<\/li>\n\n\n\n<li><strong><a href=\"https:\/\/valenciaswood.com\/index.php\/categoria-producto\/solo-tablon\/pino\/\">Pino<\/a>:<\/strong> Una opci\u00f3n econ\u00f3mica y vers\u00e1til, f\u00e1cil de trabajar y con un acabado acogedor.<\/li>\n\n\n\n<li><strong>Roble europeo<\/strong>: Una madera cl\u00e1sica que combina resistencia y un atractivo visual c\u00e1lido.<\/li>\n\n\n\n<li><strong><a href=\"https:\/\/valenciaswood.com\/index.php\/categoria-producto\/solo-tablon\/iroko\/\">Iroko y teca tropical<\/a><\/strong>: Maderas ex\u00f3ticas con gran durabilidad y resistencia a la humedad, perfectas para ambientes modernos.<\/li>\n\n\n\n<li><strong>Cerezo:<\/strong> Su tono rojizo y su suavidad al tacto lo convierten en una excelente elecci\u00f3n para muebles y elementos decorativos.<\/li>\n\n\n\n<li><strong>Olmo:<\/strong> Apreciado por su durabilidad y atractiva veta, ideal para suelos y paneles decorativos.<\/li>\n\n\n\n<li><strong>Abedul:<\/strong> Suave y con un acabado claro, perfecta para interiores modernos y escandinavos.<\/li>\n<\/ul>\n\n\n\n<p>Cada tipo de madera tiene su encanto particular y se adapta a diferentes estilos decorativos, desde el <strong>r\u00fastico<\/strong> hasta el <strong>minimalista<\/strong>.<\/p>\n\n\n\n<h2 class=\"wp-block-heading\">C\u00f3mo tratar y mantener una tabla de madera natural<\/h2>\n\n\n\n<p>Para garantizar la longevidad y belleza de las tablas de madera natural, es fundamental seguir algunas recomendaciones de cuidado:<\/p>\n\n\n\n<ol start=\"1\" class=\"wp-block-list\">\n<li><strong>Limpieza Regular:<\/strong> Utiliza un pa\u00f1o seco o ligeramente h\u00famedo para retirar el polvo y la suciedad sin da\u00f1ar la superficie.<\/li>\n\n\n\n<li><strong>Evita la Humedad:<\/strong> La madera natural puede absorber humedad y deformarse, por lo que es recomendable mantenerla en ambientes secos.<\/li>\n\n\n\n<li><strong>Uso de Aceites y Ceras:<\/strong> Aplicar aceites naturales como el de linaza o cera de abeja ayuda a nutrir la madera y realzar su brillo.<\/li>\n\n\n\n<li><strong>Protecci\u00f3n contra el Sol:<\/strong> La exposici\u00f3n prolongada a la luz solar puede alterar el color de la madera; ubica los muebles en lugares con sombra parcial.<\/li>\n\n\n\n<li><strong>Evita Productos Abrasivos:<\/strong> No utilices detergentes agresivos ni esponjas met\u00e1licas, ya que pueden da\u00f1ar la superficie.<\/li>\n\n\n\n<li><strong>Reparaci\u00f3n de Ara\u00f1azos:<\/strong> Para peque\u00f1os da\u00f1os, usa una mezcla de aceite de oliva y vinagre blanco para restaurar la madera.<\/li>\n\n\n\n<li><strong>Barnizado Ocasional:<\/strong> Aplicar una capa de barniz natural cada cierto tiempo puede ayudar a prolongar la vida \u00fatil de la tabla.<\/li>\n<\/ol>\n\n\n\n<p>Siguiendo estos consejos, tus tablas de madera natural mantendr\u00e1n su belleza y funcionalidad durante a\u00f1os.<\/p>\n\n\n\n<h2 class=\"wp-block-heading\">Aplicaciones de las tablas de madera natural en la decoraci\u00f3n<\/h2>\n\n\n\n<p>Las tablas de madera natural se pueden emplear en m\u00faltiples aplicaciones dentro del hogar y en espacios comerciales. Algunas ideas incluyen:<\/p>\n\n\n\n<ul class=\"wp-block-list\">\n<li><strong>Mesas de comedor y auxiliares:<\/strong> La madera aporta calidez y elegancia a cualquier estancia.<\/li>\n\n\n\n<li><strong>Encimeras de cocina:<\/strong> Material resistente y atractivo para superficies de trabajo.<\/li>\n\n\n\n<li><strong>Revestimientos de paredes:<\/strong> Aporta textura y personalidad a cualquier habitaci\u00f3n.<\/li>\n\n\n\n<li><strong>Estanter\u00edas y repisas:<\/strong> Soluci\u00f3n est\u00e9tica y funcional para almacenar objetos decorativos.<\/li>\n\n\n\n<li><strong>Cabeceros de cama:<\/strong> Agrega un toque natural y sofisticado al dormitorio.<\/li>\n\n\n\n<li><strong>Suelos y tarimas:<\/strong> Gran resistencia y belleza en espacios interiores y exteriores.<\/li>\n\n\n\n<li><strong>Muebles personalizados:<\/strong> Desde bancos hasta escritorios, la madera natural ofrece infinitas posibilidades.<\/li>\n<\/ul>\n\n\n\n<p>Cada pieza de madera cuenta una historia \u00fanica a trav\u00e9s de sus vetas, haciendo que cada creaci\u00f3n sea exclusiva y personal.<\/p>\n\n\n\n<h3 class=\"wp-block-heading\">Explora nuestras Tablas de Madera Natural<\/h3>\n\n\n\n<p>En <strong><a href=\"https:\/\/valenciaswood.com\/index.php\/especies-madera-mesa\/\">Valencia&#8217;s Wood Luxury<\/a><\/strong>, ofrecemos una selecci\u00f3n exclusiva de tablas de madera natural de alta calidad. Dise\u00f1adas para aportar calidez y autenticidad a cualquier espacio, nuestras piezas son perfectas para decoradores, dise\u00f1adores de interiores y amantes de la madera.<\/p>\n\n\n\n<p>Adem\u00e1s, trabajamos con proveedores sostenibles para garantizar que cada tabla provenga de bosques gestionados de manera responsable. Nos comprometemos con el medio ambiente ofreciendo opciones de madera certificada y promoviendo el uso responsable de los recursos naturales.<\/p>\n\n\n\n<p>Descubre nuestra colecci\u00f3n y dales a tus proyectos un toque r\u00fastico y elegante con nuestras tablas de madera natural. Explora nuestro cat\u00e1logo aqu\u00ed.<\/p>\n\n\n\n<h3 class=\"wp-block-heading\">Datos de contacto:<\/h3>\n\n\n\n<p><strong>Direcci\u00f3n: Carretera Benet\u00fasser 68-70 Paiporta (Valencia)<\/strong><\/p>\n\n\n\n<p><strong>Tel\u00e9fono: <\/strong><a href=\"tel:+34963975629\"><strong>+34 963975629<\/strong><\/a><\/p>\n\n\n\n<p class=\"has-text-align-center\"><iframe src=\"https:\/\/www.google.com\/maps\/embed?pb=!1m14!1m8!1m3!1d3081.877807933362!2d-0.4084224!3d39.4268875!3m2!1i1024!2i768!4f13.1!3m3!1m2!1s0xd604fcbfcc3cdb9%3A0xacc61ab6a6972299!2sValencia's%20Wood%20Luxury!5e0!3m2!1ses!2ses!4v1747726081574!5m2!1ses!2ses\" width=\"85%\" title=\"mapa\" height=\"450\" style=\"border:0;\" allowfullscreen=\"\" loading=\"lazy\" referrerpolicy=\"no-referrer-when-downgrade\"><\/iframe><\/p>\n","protected":false},"excerpt":{"rendered":"<p>Las tablas de madera maciza natural se han convertido en un elemento imprescindible en la decoraci\u00f3n de interiores y exteriores. Su belleza, resistencia y versatilidad las hacen ideales para cualquier<span class=\"excerpt-hellip\"> [\u2026]<\/span><\/p>\n","protected":false},"author":2,"featured_media":10395,"comment_status":"closed","ping_status":"closed","sticky":false,"template":"","format":"standard","meta":{"_jetpack_memberships_contains_paid_content":false,"footnotes":""},"categories":[106],"tags":[],"class_list":["post-10393","post","type-post","status-publish","format-standard","has-post-thumbnail","hentry","category-mesas-y-tablones"],"yoast_head":"<!-- This site is optimized with the Yoast SEO plugin v27.5 - https:\/\/yoast.com\/product\/yoast-seo-wordpress\/ -->\n<title>Tablas de madera natural - Valencia&#039;s Wood Luxury<\/title>\n<meta name=\"description\" content=\"Las tablas de madera maciza natural se han convertido en un elemento imprescindible en la decoraci\u00f3n de interiores y exteriores. Valencia&#039;s Wood Luxury\" \/>\n<meta name=\"robots\" content=\"index, follow, max-snippet:-1, max-image-preview:large, max-video-preview:-1\" \/>\n<link rel=\"canonical\" href=\"https:\/\/valenciaswood.com\/index.php\/2025\/02\/10\/tablas-de-madera-natural\/\" \/>\n<meta property=\"og:locale\" content=\"es_ES\" \/>\n<meta property=\"og:type\" content=\"article\" \/>\n<meta property=\"og:title\" content=\"Tablas de madera natural - Valencia&#039;s Wood Luxury\" \/>\n<meta property=\"og:description\" content=\"Las tablas de madera maciza natural se han convertido en un elemento imprescindible en la decoraci\u00f3n de interiores y exteriores. Valencia&#039;s Wood Luxury\" \/>\n<meta property=\"og:url\" content=\"https:\/\/valenciaswood.com\/index.php\/2025\/02\/10\/tablas-de-madera-natural\/\" \/>\n<meta property=\"og:site_name\" content=\"Valencia&#039;s Wood Luxury\" \/>\n<meta property=\"article:published_time\" content=\"2025-02-10T07:00:00+00:00\" \/>\n<meta property=\"article:modified_time\" content=\"2025-05-21T15:34:12+00:00\" \/>\n<meta property=\"og:image\" content=\"https:\/\/valenciaswood.com\/wp-content\/uploads\/2025\/02\/Mesa-Iroko.webp\" \/>\n\t<meta property=\"og:image:width\" content=\"2394\" \/>\n\t<meta property=\"og:image:height\" content=\"2560\" \/>\n\t<meta property=\"og:image:type\" content=\"image\/webp\" \/>\n<meta name=\"author\" content=\"JOSE VILLENA\" \/>\n<meta name=\"twitter:card\" content=\"summary_large_image\" \/>\n<meta name=\"twitter:creator\" content=\"@valenciaswood\" \/>\n<script type=\"application\/ld+json\" class=\"yoast-schema-graph\">{\"@context\":\"https:\\\/\\\/schema.org\",\"@graph\":[{\"@type\":\"Article\",\"@id\":\"https:\\\/\\\/valenciaswood.com\\\/index.php\\\/2025\\\/02\\\/10\\\/tablas-de-madera-natural\\\/#article\",\"isPartOf\":{\"@id\":\"https:\\\/\\\/valenciaswood.com\\\/index.php\\\/2025\\\/02\\\/10\\\/tablas-de-madera-natural\\\/\"},\"author\":{\"name\":\"JOSE VILLENA\",\"@id\":\"https:\\\/\\\/valenciaswood.com\\\/#\\\/schema\\\/person\\\/06eaacdc5e72a1da0065bd52183c3029\"},\"headline\":\"Tablas de madera natural\",\"datePublished\":\"2025-02-10T07:00:00+00:00\",\"dateModified\":\"2025-05-21T15:34:12+00:00\",\"mainEntityOfPage\":{\"@id\":\"https:\\\/\\\/valenciaswood.com\\\/index.php\\\/2025\\\/02\\\/10\\\/tablas-de-madera-natural\\\/\"},\"wordCount\":883,\"publisher\":{\"@id\":\"https:\\\/\\\/valenciaswood.com\\\/#organization\"},\"image\":{\"@id\":\"https:\\\/\\\/valenciaswood.com\\\/index.php\\\/2025\\\/02\\\/10\\\/tablas-de-madera-natural\\\/#primaryimage\"},\"thumbnailUrl\":\"https:\\\/\\\/i0.wp.com\\\/valenciaswood.com\\\/wp-content\\\/uploads\\\/2025\\\/02\\\/Mesa-Iroko.webp?fit=2394%2C2560&ssl=1\",\"articleSection\":[\"Mesas y Tablones\"],\"inLanguage\":\"es\"},{\"@type\":\"WebPage\",\"@id\":\"https:\\\/\\\/valenciaswood.com\\\/index.php\\\/2025\\\/02\\\/10\\\/tablas-de-madera-natural\\\/\",\"url\":\"https:\\\/\\\/valenciaswood.com\\\/index.php\\\/2025\\\/02\\\/10\\\/tablas-de-madera-natural\\\/\",\"name\":\"Tablas de madera natural - Valencia&#039;s Wood Luxury\",\"isPartOf\":{\"@id\":\"https:\\\/\\\/valenciaswood.com\\\/#website\"},\"primaryImageOfPage\":{\"@id\":\"https:\\\/\\\/valenciaswood.com\\\/index.php\\\/2025\\\/02\\\/10\\\/tablas-de-madera-natural\\\/#primaryimage\"},\"image\":{\"@id\":\"https:\\\/\\\/valenciaswood.com\\\/index.php\\\/2025\\\/02\\\/10\\\/tablas-de-madera-natural\\\/#primaryimage\"},\"thumbnailUrl\":\"https:\\\/\\\/i0.wp.com\\\/valenciaswood.com\\\/wp-content\\\/uploads\\\/2025\\\/02\\\/Mesa-Iroko.webp?fit=2394%2C2560&ssl=1\",\"datePublished\":\"2025-02-10T07:00:00+00:00\",\"dateModified\":\"2025-05-21T15:34:12+00:00\",\"description\":\"Las tablas de madera maciza natural se han convertido en un elemento imprescindible en la decoraci\u00f3n de interiores y exteriores. Valencia's Wood Luxury\",\"breadcrumb\":{\"@id\":\"https:\\\/\\\/valenciaswood.com\\\/index.php\\\/2025\\\/02\\\/10\\\/tablas-de-madera-natural\\\/#breadcrumb\"},\"inLanguage\":\"es\",\"potentialAction\":[{\"@type\":\"ReadAction\",\"target\":[\"https:\\\/\\\/valenciaswood.com\\\/index.php\\\/2025\\\/02\\\/10\\\/tablas-de-madera-natural\\\/\"]}]},{\"@type\":\"ImageObject\",\"inLanguage\":\"es\",\"@id\":\"https:\\\/\\\/valenciaswood.com\\\/index.php\\\/2025\\\/02\\\/10\\\/tablas-de-madera-natural\\\/#primaryimage\",\"url\":\"https:\\\/\\\/i0.wp.com\\\/valenciaswood.com\\\/wp-content\\\/uploads\\\/2025\\\/02\\\/Mesa-Iroko.webp?fit=2394%2C2560&ssl=1\",\"contentUrl\":\"https:\\\/\\\/i0.wp.com\\\/valenciaswood.com\\\/wp-content\\\/uploads\\\/2025\\\/02\\\/Mesa-Iroko.webp?fit=2394%2C2560&ssl=1\",\"width\":2394,\"height\":2560,\"caption\":\"Mesa Iroko\"},{\"@type\":\"BreadcrumbList\",\"@id\":\"https:\\\/\\\/valenciaswood.com\\\/index.php\\\/2025\\\/02\\\/10\\\/tablas-de-madera-natural\\\/#breadcrumb\",\"itemListElement\":[{\"@type\":\"ListItem\",\"position\":1,\"name\":\"Portada\",\"item\":\"https:\\\/\\\/valenciaswood.com\\\/\"},{\"@type\":\"ListItem\",\"position\":2,\"name\":\"Tablas de madera natural\"}]},{\"@type\":\"WebSite\",\"@id\":\"https:\\\/\\\/valenciaswood.com\\\/#website\",\"url\":\"https:\\\/\\\/valenciaswood.com\\\/\",\"name\":\"Valencia's Wood Luxury\",\"description\":\"\",\"publisher\":{\"@id\":\"https:\\\/\\\/valenciaswood.com\\\/#organization\"},\"potentialAction\":[{\"@type\":\"SearchAction\",\"target\":{\"@type\":\"EntryPoint\",\"urlTemplate\":\"https:\\\/\\\/valenciaswood.com\\\/?s={search_term_string}\"},\"query-input\":{\"@type\":\"PropertyValueSpecification\",\"valueRequired\":true,\"valueName\":\"search_term_string\"}}],\"inLanguage\":\"es\"},{\"@type\":\"Organization\",\"@id\":\"https:\\\/\\\/valenciaswood.com\\\/#organization\",\"name\":\"Valencia's Wood\",\"url\":\"https:\\\/\\\/valenciaswood.com\\\/\",\"logo\":{\"@type\":\"ImageObject\",\"inLanguage\":\"es\",\"@id\":\"https:\\\/\\\/valenciaswood.com\\\/#\\\/schema\\\/logo\\\/image\\\/\",\"url\":\"https:\\\/\\\/i0.wp.com\\\/valenciaswood.com\\\/wp-content\\\/uploads\\\/2020\\\/01\\\/logo.png?fit=200%2C75&ssl=1\",\"contentUrl\":\"https:\\\/\\\/i0.wp.com\\\/valenciaswood.com\\\/wp-content\\\/uploads\\\/2020\\\/01\\\/logo.png?fit=200%2C75&ssl=1\",\"width\":200,\"height\":75,\"caption\":\"Valencia's Wood\"},\"image\":{\"@id\":\"https:\\\/\\\/valenciaswood.com\\\/#\\\/schema\\\/logo\\\/image\\\/\"}},{\"@type\":\"Person\",\"@id\":\"https:\\\/\\\/valenciaswood.com\\\/#\\\/schema\\\/person\\\/06eaacdc5e72a1da0065bd52183c3029\",\"name\":\"JOSE VILLENA\",\"image\":{\"@type\":\"ImageObject\",\"inLanguage\":\"es\",\"@id\":\"https:\\\/\\\/secure.gravatar.com\\\/avatar\\\/ed685f8323ccc61a8b831313359ebb49fd468bb176c5ea203f08277782ae9d97?s=96&d=mm&r=g\",\"url\":\"https:\\\/\\\/secure.gravatar.com\\\/avatar\\\/ed685f8323ccc61a8b831313359ebb49fd468bb176c5ea203f08277782ae9d97?s=96&d=mm&r=g\",\"contentUrl\":\"https:\\\/\\\/secure.gravatar.com\\\/avatar\\\/ed685f8323ccc61a8b831313359ebb49fd468bb176c5ea203f08277782ae9d97?s=96&d=mm&r=g\",\"caption\":\"JOSE VILLENA\"},\"sameAs\":[\"https:\\\/\\\/x.com\\\/valenciaswood\"]}]}<\/script>\n<!-- \/ Yoast SEO plugin. -->","yoast_head_json":{"title":"Tablas de madera natural - Valencia&#039;s Wood Luxury","description":"Las tablas de madera maciza natural se han convertido en un elemento imprescindible en la decoraci\u00f3n de interiores y exteriores. Valencia's Wood Luxury","robots":{"index":"index","follow":"follow","max-snippet":"max-snippet:-1","max-image-preview":"max-image-preview:large","max-video-preview":"max-video-preview:-1"},"canonical":"https:\/\/valenciaswood.com\/index.php\/2025\/02\/10\/tablas-de-madera-natural\/","og_locale":"es_ES","og_type":"article","og_title":"Tablas de madera natural - Valencia&#039;s Wood Luxury","og_description":"Las tablas de madera maciza natural se han convertido en un elemento imprescindible en la decoraci\u00f3n de interiores y exteriores. Valencia's Wood Luxury","og_url":"https:\/\/valenciaswood.com\/index.php\/2025\/02\/10\/tablas-de-madera-natural\/","og_site_name":"Valencia&#039;s Wood Luxury","article_published_time":"2025-02-10T07:00:00+00:00","article_modified_time":"2025-05-21T15:34:12+00:00","og_image":[{"width":2394,"height":2560,"url":"https:\/\/valenciaswood.com\/wp-content\/uploads\/2025\/02\/Mesa-Iroko.webp","type":"image\/webp"}],"author":"JOSE VILLENA","twitter_card":"summary_large_image","twitter_creator":"@valenciaswood","schema":{"@context":"https:\/\/schema.org","@graph":[{"@type":"Article","@id":"https:\/\/valenciaswood.com\/index.php\/2025\/02\/10\/tablas-de-madera-natural\/#article","isPartOf":{"@id":"https:\/\/valenciaswood.com\/index.php\/2025\/02\/10\/tablas-de-madera-natural\/"},"author":{"name":"JOSE VILLENA","@id":"https:\/\/valenciaswood.com\/#\/schema\/person\/06eaacdc5e72a1da0065bd52183c3029"},"headline":"Tablas de madera natural","datePublished":"2025-02-10T07:00:00+00:00","dateModified":"2025-05-21T15:34:12+00:00","mainEntityOfPage":{"@id":"https:\/\/valenciaswood.com\/index.php\/2025\/02\/10\/tablas-de-madera-natural\/"},"wordCount":883,"publisher":{"@id":"https:\/\/valenciaswood.com\/#organization"},"image":{"@id":"https:\/\/valenciaswood.com\/index.php\/2025\/02\/10\/tablas-de-madera-natural\/#primaryimage"},"thumbnailUrl":"https:\/\/i0.wp.com\/valenciaswood.com\/wp-content\/uploads\/2025\/02\/Mesa-Iroko.webp?fit=2394%2C2560&ssl=1","articleSection":["Mesas y Tablones"],"inLanguage":"es"},{"@type":"WebPage","@id":"https:\/\/valenciaswood.com\/index.php\/2025\/02\/10\/tablas-de-madera-natural\/","url":"https:\/\/valenciaswood.com\/index.php\/2025\/02\/10\/tablas-de-madera-natural\/","name":"Tablas de madera natural - Valencia&#039;s Wood Luxury","isPartOf":{"@id":"https:\/\/valenciaswood.com\/#website"},"primaryImageOfPage":{"@id":"https:\/\/valenciaswood.com\/index.php\/2025\/02\/10\/tablas-de-madera-natural\/#primaryimage"},"image":{"@id":"https:\/\/valenciaswood.com\/index.php\/2025\/02\/10\/tablas-de-madera-natural\/#primaryimage"},"thumbnailUrl":"https:\/\/i0.wp.com\/valenciaswood.com\/wp-content\/uploads\/2025\/02\/Mesa-Iroko.webp?fit=2394%2C2560&ssl=1","datePublished":"2025-02-10T07:00:00+00:00","dateModified":"2025-05-21T15:34:12+00:00","description":"Las tablas de madera maciza natural se han convertido en un elemento imprescindible en la decoraci\u00f3n de interiores y exteriores. Valencia's Wood Luxury","breadcrumb":{"@id":"https:\/\/valenciaswood.com\/index.php\/2025\/02\/10\/tablas-de-madera-natural\/#breadcrumb"},"inLanguage":"es","potentialAction":[{"@type":"ReadAction","target":["https:\/\/valenciaswood.com\/index.php\/2025\/02\/10\/tablas-de-madera-natural\/"]}]},{"@type":"ImageObject","inLanguage":"es","@id":"https:\/\/valenciaswood.com\/index.php\/2025\/02\/10\/tablas-de-madera-natural\/#primaryimage","url":"https:\/\/i0.wp.com\/valenciaswood.com\/wp-content\/uploads\/2025\/02\/Mesa-Iroko.webp?fit=2394%2C2560&ssl=1","contentUrl":"https:\/\/i0.wp.com\/valenciaswood.com\/wp-content\/uploads\/2025\/02\/Mesa-Iroko.webp?fit=2394%2C2560&ssl=1","width":2394,"height":2560,"caption":"Mesa Iroko"},{"@type":"BreadcrumbList","@id":"https:\/\/valenciaswood.com\/index.php\/2025\/02\/10\/tablas-de-madera-natural\/#breadcrumb","itemListElement":[{"@type":"ListItem","position":1,"name":"Portada","item":"https:\/\/valenciaswood.com\/"},{"@type":"ListItem","position":2,"name":"Tablas de madera natural"}]},{"@type":"WebSite","@id":"https:\/\/valenciaswood.com\/#website","url":"https:\/\/valenciaswood.com\/","name":"Valencia's Wood Luxury","description":"","publisher":{"@id":"https:\/\/valenciaswood.com\/#organization"},"potentialAction":[{"@type":"SearchAction","target":{"@type":"EntryPoint","urlTemplate":"https:\/\/valenciaswood.com\/?s={search_term_string}"},"query-input":{"@type":"PropertyValueSpecification","valueRequired":true,"valueName":"search_term_string"}}],"inLanguage":"es"},{"@type":"Organization","@id":"https:\/\/valenciaswood.com\/#organization","name":"Valencia's Wood","url":"https:\/\/valenciaswood.com\/","logo":{"@type":"ImageObject","inLanguage":"es","@id":"https:\/\/valenciaswood.com\/#\/schema\/logo\/image\/","url":"https:\/\/i0.wp.com\/valenciaswood.com\/wp-content\/uploads\/2020\/01\/logo.png?fit=200%2C75&ssl=1","contentUrl":"https:\/\/i0.wp.com\/valenciaswood.com\/wp-content\/uploads\/2020\/01\/logo.png?fit=200%2C75&ssl=1","width":200,"height":75,"caption":"Valencia's Wood"},"image":{"@id":"https:\/\/valenciaswood.com\/#\/schema\/logo\/image\/"}},{"@type":"Person","@id":"https:\/\/valenciaswood.com\/#\/schema\/person\/06eaacdc5e72a1da0065bd52183c3029","name":"JOSE VILLENA","image":{"@type":"ImageObject","inLanguage":"es","@id":"https:\/\/secure.gravatar.com\/avatar\/ed685f8323ccc61a8b831313359ebb49fd468bb176c5ea203f08277782ae9d97?s=96&d=mm&r=g","url":"https:\/\/secure.gravatar.com\/avatar\/ed685f8323ccc61a8b831313359ebb49fd468bb176c5ea203f08277782ae9d97?s=96&d=mm&r=g","contentUrl":"https:\/\/secure.gravatar.com\/avatar\/ed685f8323ccc61a8b831313359ebb49fd468bb176c5ea203f08277782ae9d97?s=96&d=mm&r=g","caption":"JOSE VILLENA"},"sameAs":["https:\/\/x.com\/valenciaswood"]}]}},"jetpack_featured_media_url":"https:\/\/i0.wp.com\/valenciaswood.com\/wp-content\/uploads\/2025\/02\/Mesa-Iroko.webp?fit=2394%2C2560&ssl=1","jetpack_sharing_enabled":true,"_links":{"self":[{"href":"https:\/\/valenciaswood.com\/index.php\/wp-json\/wp\/v2\/posts\/10393","targetHints":{"allow":["GET"]}}],"collection":[{"href":"https:\/\/valenciaswood.com\/index.php\/wp-json\/wp\/v2\/posts"}],"about":[{"href":"https:\/\/valenciaswood.com\/index.php\/wp-json\/wp\/v2\/types\/post"}],"author":[{"embeddable":true,"href":"https:\/\/valenciaswood.com\/index.php\/wp-json\/wp\/v2\/users\/2"}],"replies":[{"embeddable":true,"href":"https:\/\/valenciaswood.com\/index.php\/wp-json\/wp\/v2\/comments?post=10393"}],"version-history":[{"count":6,"href":"https:\/\/valenciaswood.com\/index.php\/wp-json\/wp\/v2\/posts\/10393\/revisions"}],"predecessor-version":[{"id":11562,"href":"https:\/\/valenciaswood.com\/index.php\/wp-json\/wp\/v2\/posts\/10393\/revisions\/11562"}],"wp:featuredmedia":[{"embeddable":true,"href":"https:\/\/valenciaswood.com\/index.php\/wp-json\/wp\/v2\/media\/10395"}],"wp:attachment":[{"href":"https:\/\/valenciaswood.com\/index.php\/wp-json\/wp\/v2\/media?parent=10393"}],"wp:term":[{"taxonomy":"category","embeddable":true,"href":"https:\/\/valenciaswood.com\/index.php\/wp-json\/wp\/v2\/categories?post=10393"},{"taxonomy":"post_tag","embeddable":true,"href":"https:\/\/valenciaswood.com\/index.php\/wp-json\/wp\/v2\/tags?post=10393"}],"curies":[{"name":"wp","href":"https:\/\/api.w.org\/{rel}","templated":true}]}}